{"id":824,"date":"2013-10-04T23:37:54","date_gmt":"2013-10-04T23:37:54","guid":{"rendered":"http:\/\/www.rolfhimmelberger.ch\/?p=824"},"modified":"2021-11-10T03:56:10","modified_gmt":"2021-11-10T02:56:10","slug":"les-arrets-du-tribunal-federal-suite-aux-recours-de-monsieur-himmelberger-evoques-a-lemission-de-la-radio-suisse-romande-on-en-parle-du-19-septembre-2013","status":"publish","type":"post","link":"https:\/\/www.rolfhimmelberger.ch\/?p=824","title":{"rendered":"Les arr\u00eats du Tribunal f\u00e9d\u00e9ral suite aux recours de Monsieur Himmelberger \u00e9voqu\u00e9s \u00e0 l&rsquo;\u00e9mission de la radio suisse romande \u00ab\u00a0On en parle\u00a0\u00bb du 19 septembre 2013"},"content":{"rendered":"<p><strong>Le Professeur Dominique Sprumont de l&rsquo;Institut de droit de la sant\u00e9 de l&rsquo;Universit\u00e9 de Neuch\u00e2tel a \u00e9voqu\u00e9 le fait que les arr\u00eats du Tribunal f\u00e9d\u00e9ral suisse qui ont \u00e9t\u00e9 rendus suite \u00e0 des recours de ma part ont fait avancer la cause des droits des malades en Suisse.<\/strong><\/p>\n<p>Lors de l&rsquo;\u00e9mission <a title=\"&quot;On en parle&quot; sur la Radio suisse romande du 19 septembre 2013\" href=\"https:\/\/www.rolfhimmelberger.ch\/wp-content\/uploads\/2011\/09\/on-en-parle_20130919_histoire-droit-patient.mp3\" target=\"_blank\" rel=\"noopener\">\u00ab\u00a0On en parle\u00a0\u00bb sur la radio suisse romande du 19 septembre 2013<\/a>, le Pr Dominique Sprumont, directeur adjoint de l&rsquo;Institut de droit de la sant\u00e9 de l&rsquo;Universit\u00e9 de Neuch\u00e2tel a \u00e9voqu\u00e9 l&rsquo;aspect important que j&rsquo;ai apport\u00e9 \u00e0 l&rsquo;am\u00e9lioration des droits des malades en Suisse de par les arr\u00eats du Tribunal f\u00e9d\u00e9ral qui ont \u00e9t\u00e9 rendus suite \u00e0 des <a title=\"Recours\" href=\"https:\/\/www.rolfhimmelberger.ch\/?page_id=28\">recours<\/a> de ma part. (Pour \u00e9couter l&rsquo;\u00e9mission, veuillez cliquer sur le lien ci-dessus).<\/p>\n<p>Cette information est \u00e9galement reprise sur ce site dans la <a title=\"Droits des malades\" href=\"https:\/\/www.rolfhimmelberger.ch\/?page_id=19\">page \u00ab\u00a0Droits des malades\u00a0\u00bb<\/a><\/p>\n","protected":false},"excerpt":{"rendered":"<p>Le Professeur Dominique Sprumont de l&rsquo;Institut de droit de la sant\u00e9 de l&rsquo;Universit\u00e9 de Neuch\u00e2tel a \u00e9voqu\u00e9 le fait que les arr\u00eats du Tribunal f\u00e9d\u00e9ral suisse qui ont \u00e9t\u00e9 rendus suite \u00e0 des recours de ma part ont fait avancer &hellip; <a href=\"https:\/\/www.rolfhimmelberger.ch\/?p=824\">Continuer la lecture <span class=\"meta-nav\">&rarr;<\/span><\/a><\/p>\n","protected":false},"author":1,"featured_media":0,"comment_status":"open","ping_status":"closed","sticky":false,"template":"","format":"standard","meta":{"footnotes":""},"categories":[1],"tags":[],"class_list":["post-824","post","type-post","status-publish","format-standard","hentry","category-pages-rolf"],"_links":{"self":[{"href":"https:\/\/www.rolfhimmelberger.ch\/index.php?rest_route=\/wp\/v2\/posts\/824","targetHints":{"allow":["GET"]}}],"collection":[{"href":"https:\/\/www.rolfhimmelberger.ch\/index.php?rest_route=\/wp\/v2\/posts"}],"about":[{"href":"https:\/\/www.rolfhimmelberger.ch\/index.php?rest_route=\/wp\/v2\/types\/post"}],"author":[{"embeddable":true,"href":"https:\/\/www.rolfhimmelberger.ch\/index.php?rest_route=\/wp\/v2\/users\/1"}],"replies":[{"embeddable":true,"href":"https:\/\/www.rolfhimmelberger.ch\/index.php?rest_route=%2Fwp%2Fv2%2Fcomments&post=824"}],"version-history":[{"count":6,"href":"https:\/\/www.rolfhimmelberger.ch\/index.php?rest_route=\/wp\/v2\/posts\/824\/revisions"}],"predecessor-version":[{"id":1360,"href":"https:\/\/www.rolfhimmelberger.ch\/index.php?rest_route=\/wp\/v2\/posts\/824\/revisions\/1360"}],"wp:attachment":[{"href":"https:\/\/www.rolfhimmelberger.ch\/index.php?rest_route=%2Fwp%2Fv2%2Fmedia&parent=824"}],"wp:term":[{"taxonomy":"category","embeddable":true,"href":"https:\/\/www.rolfhimmelberger.ch\/index.php?rest_route=%2Fwp%2Fv2%2Fcategories&post=824"},{"taxonomy":"post_tag","embeddable":true,"href":"https:\/\/www.rolfhimmelberger.ch\/index.php?rest_route=%2Fwp%2Fv2%2Ftags&post=824"}],"curies":[{"name":"wp","href":"https:\/\/api.w.org\/{rel}","templated":true}]}}